{"id":10120,"date":"2014-02-13T19:53:32","date_gmt":"2014-02-13T18:53:32","guid":{"rendered":"http:\/\/www.mariaabrahamsson.nu\/?p=10120"},"modified":"2020-10-30T21:09:22","modified_gmt":"2020-10-30T20:09:22","slug":"inte-mitt-forslag-men-trots-allt-steg-i-namndemannafragan","status":"publish","type":"post","link":"https:\/\/www.mariaabrahamsson.nu\/index.php\/2014\/02\/13\/inte-mitt-forslag-men-trots-allt-steg-i-namndemannafragan\/","title":{"rendered":"Inte mitt f\u00f6rslag men trots allt steg i n\u00e4mndemannafr\u00e5gan"},"content":{"rendered":"<p><strong>Mina inv\u00e4ndningar mot n\u00e4mndemannasystemet<\/strong>\u00a0\u00e4r k\u00e4nda. Jag\u00a0vill <a href=\"http:\/\/www.mariaabrahamsson.nu\/index.php\/2013\/06\/26\/nu-aterstar-for-ask-att-overtyga-m-namndemannen\/\">avskaffa<\/a>\u00a0den medeltida ordning\u00a0med juridiskt oskolade lekm\u00e4n i v\u00e5ra domstolar som s\u00e4tter sig till doms \u00f6ver sina j\u00e4mlika. Men jag\u00a0ska inte tr\u00f6tta er med omtugg av mina teser. (Min senaste motion i \u00e4mnet gick igenom riksdagskansliets kontroll utan anm\u00e4rkning och kan l\u00e4sas\u00a0<a href=\"http:\/\/www.riksdagen.se\/sv\/Dokument-Lagar\/Forslag\/Motioner\/Omprova-namndemannasystemet-_H002Ju317\/?text=true\">h\u00e4r<\/a>.)<\/p>\n<p>Justitieministerns f\u00f6rslag till reformering av systemet n\u00e5dde mig via\u00a0<a href=\"http:\/\/sverigesradio.se\/sida\/artikel.aspx?programid=83&amp;artikel=5783217\">Ekot<\/a>. Reformen inneb\u00e4r kort sagt att n\u00e4mndem\u00e4n ska utbildas mer och l\u00e4ttare kunna plockas bort om de visar sig ol\u00e4mpliga f\u00f6r uppdraget. Medan Statskontoret f\u00e5r i uppdrag att vidare utreda rekryteringsprocessen &#8211; dvs om partierna \u00e4ven fram\u00f6ver ska kunna nominera sina partikompisar till domare.<\/p>\n<p>\u00c4ven om Statskontorets utredning ska f\u00e5 bort det mest skandal\u00f6sa inslaget i n\u00e4mndemannasystemet \u00e4r det f\u00f6r mig oklart vad den i dag lanserade reformen egentligen syftar till. Lekmannainslaget tunnas ju ut om lekm\u00e4nnen ska bli mer professionella, ska de dessutom l\u00e4ttare kunna avs\u00e4ttas avl\u00e4gsnar vi oss fr\u00e5n tanken att n\u00e4mndem\u00e4nnen med sin individuella r\u00f6str\u00e4tt \u00e4r j\u00e4mst\u00e4llda med juristdomarna.<\/p>\n<p><strong>Summa summarum: <\/strong>Man kan inte b\u00e5de \u00e4ta kakan och ha den kvar!\u00a0F\u00f6rslaget kan l\u00e4sas i sin helhet\u00a0<a href=\"http:\/\/www.regeringen.se\/sb\/d\/18312\/a\/233977\">h\u00e4r<\/a>.<\/p>\n","protected":false},"excerpt":{"rendered":"<p>Mina inv\u00e4ndningar mot n\u00e4mndemannasystemet\u00a0\u00e4r k\u00e4nda. Jag\u00a0vill avskaffa\u00a0den medeltida ordning\u00a0med juridiskt oskolade lekm\u00e4n i v\u00e5ra domstolar som s\u00e4tter sig till doms \u00f6ver sina j\u00e4mlika. Men jag\u00a0ska inte tr\u00f6tta er med omtugg av mina teser. (Min senaste motion i \u00e4mnet gick igenom riksdagskansliets kontroll utan anm\u00e4rkning och kan l\u00e4sas\u00a0h\u00e4r.) Justitieministerns f\u00f6rslag till reformering av systemet n\u00e5dde mig&hellip;<\/p>\n<p class=\"more-link-p\"><a class=\"more-link\" href=\"https:\/\/www.mariaabrahamsson.nu\/index.php\/2014\/02\/13\/inte-mitt-forslag-men-trots-allt-steg-i-namndemannafragan\/\">Read more &rarr;<\/a><\/p>\n","protected":false},"author":2,"featured_media":0,"comment_status":"open","ping_status":"open","sticky":false,"template":"","format":"standard","meta":{"footnotes":""},"categories":[1],"tags":[223],"class_list":["post-10120","post","type-post","status-publish","format-standard","hentry","category-uncategorized","tag-namndeman"],"_links":{"self":[{"href":"https:\/\/www.mariaabrahamsson.nu\/index.php\/wp-json\/wp\/v2\/posts\/10120","targetHints":{"allow":["GET"]}}],"collection":[{"href":"https:\/\/www.mariaabrahamsson.nu\/index.php\/wp-json\/wp\/v2\/posts"}],"about":[{"href":"https:\/\/www.mariaabrahamsson.nu\/index.php\/wp-json\/wp\/v2\/types\/post"}],"author":[{"embeddable":true,"href":"https:\/\/www.mariaabrahamsson.nu\/index.php\/wp-json\/wp\/v2\/users\/2"}],"replies":[{"embeddable":true,"href":"https:\/\/www.mariaabrahamsson.nu\/index.php\/wp-json\/wp\/v2\/comments?post=10120"}],"version-history":[{"count":1,"href":"https:\/\/www.mariaabrahamsson.nu\/index.php\/wp-json\/wp\/v2\/posts\/10120\/revisions"}],"predecessor-version":[{"id":13511,"href":"https:\/\/www.mariaabrahamsson.nu\/index.php\/wp-json\/wp\/v2\/posts\/10120\/revisions\/13511"}],"wp:attachment":[{"href":"https:\/\/www.mariaabrahamsson.nu\/index.php\/wp-json\/wp\/v2\/media?parent=10120"}],"wp:term":[{"taxonomy":"category","embeddable":true,"href":"https:\/\/www.mariaabrahamsson.nu\/index.php\/wp-json\/wp\/v2\/categories?post=10120"},{"taxonomy":"post_tag","embeddable":true,"href":"https:\/\/www.mariaabrahamsson.nu\/index.php\/wp-json\/wp\/v2\/tags?post=10120"}],"curies":[{"name":"wp","href":"https:\/\/api.w.org\/{rel}","templated":true}]}}