{"id":10016,"date":"2014-01-23T21:59:21","date_gmt":"2014-01-23T20:59:21","guid":{"rendered":"http:\/\/www.mariaabrahamsson.nu\/?p=10016"},"modified":"2014-01-23T22:27:12","modified_gmt":"2014-01-23T21:27:12","slug":"det-kanns-sa-valkomnande","status":"publish","type":"post","link":"https:\/\/www.mariaabrahamsson.nu\/index.php\/2014\/01\/23\/det-kanns-sa-valkomnande\/","title":{"rendered":"Det k\u00e4nns s\u00e5 \u2026 v\u00e4lkomnande"},"content":{"rendered":"<div>\n<div><strong>Du \u00e4r nu riksdagskandidat <\/strong>f\u00f6r moderaterna i Stockholms stad.<\/div>\n<div><\/div>\n<div>Vid Moderaternas nomineringsst\u00e4mma den 14 januari fastst\u00e4lldes valsedel i riksdagsvalet den 14 september 2014. Valsedeln <a href=\"http:\/\/moderaterna.net\/blog\/2014\/01\/15\/riksdagslistan-for-stockholms-stad-fastslagen\/\">bifogas<\/a>.<\/div>\n<div><\/div>\n<div><\/div>\n<div><\/div>\n<div><strong>I och med placering<\/strong> p\u00e5 valsedel \u00e4r du en officiell kandidat f\u00f6r moderaterna. De riktlinjer f\u00f6r kandidaters aktiviteter mm som g\u00e4ller bifogas. D\u00e4rtill har du undertecknat \u00f6verenskommelsen i Kandidatf\u00f6rs\u00e4kran.<\/div>\n<div><\/div>\n<div><\/div>\n<div>I och med att du har anm\u00e4lt intresse att kandidera f\u00f6r moderaterna f\u00f6ruts\u00e4tts att du fortfarande vill kandidera enligt st\u00e4mmans beslut. Om inte, meddela i mail eller brev absolut senast den 9 april.\u00a0Enligt st\u00e4mmans beslut ska kandidaterna p\u00e5 valsedeln presenteras med yrke eller titel och \u00e5lder p\u00e5 valdagen. Vi kommer att anv\u00e4nda den presentation du anv\u00e4nde i ditt CV inf\u00f6r nomineringen om du inte meddelar annat.<\/div>\n<div><\/div>\n<div><\/div>\n<div><strong>All korrespondens med dig<\/strong> som riksdagskandidat kommer att ske p\u00e5 samma e-postadress som detta s\u00e4nds p\u00e5, om du inte meddelar annan adress.\u00a0St\u00e4mman besl\u00f6t \u00e4ven att den kandidat som inte senast den 15 mars 2014 deltagit i alla tre moment i f\u00f6rbundets kandidatutbildning stryks fr\u00e5n valsedeln. Enligt v\u00e5ra noteringar har du deltagit i alla moment.<\/div>\n<div><\/div>\n<p><strong>HURRA &#8211; NU SKA VI VINNA VAL!!!<\/strong> (obs!\u00a0min kommentar)<\/p>\n<\/div>\n<p>&nbsp;<\/p>\n<div><\/div>\n","protected":false},"excerpt":{"rendered":"<p>Du \u00e4r nu riksdagskandidat f\u00f6r moderaterna i Stockholms stad. Vid Moderaternas nomineringsst\u00e4mma den 14 januari fastst\u00e4lldes valsedel i riksdagsvalet den 14 september 2014. Valsedeln bifogas. I och med placering p\u00e5 valsedel \u00e4r du en officiell kandidat f\u00f6r moderaterna. De riktlinjer f\u00f6r kandidaters aktiviteter mm som g\u00e4ller bifogas. D\u00e4rtill har du undertecknat \u00f6verenskommelsen i Kandidatf\u00f6rs\u00e4kran. I&hellip;<\/p>\n<p class=\"more-link-p\"><a class=\"more-link\" href=\"https:\/\/www.mariaabrahamsson.nu\/index.php\/2014\/01\/23\/det-kanns-sa-valkomnande\/\">Read more &rarr;<\/a><\/p>\n","protected":false},"author":2,"featured_media":0,"comment_status":"open","ping_status":"open","sticky":false,"template":"","format":"standard","meta":{"footnotes":""},"categories":[1],"tags":[],"class_list":["post-10016","post","type-post","status-publish","format-standard","hentry","category-uncategorized"],"_links":{"self":[{"href":"https:\/\/www.mariaabrahamsson.nu\/index.php\/wp-json\/wp\/v2\/posts\/10016","targetHints":{"allow":["GET"]}}],"collection":[{"href":"https:\/\/www.mariaabrahamsson.nu\/index.php\/wp-json\/wp\/v2\/posts"}],"about":[{"href":"https:\/\/www.mariaabrahamsson.nu\/index.php\/wp-json\/wp\/v2\/types\/post"}],"author":[{"embeddable":true,"href":"https:\/\/www.mariaabrahamsson.nu\/index.php\/wp-json\/wp\/v2\/users\/2"}],"replies":[{"embeddable":true,"href":"https:\/\/www.mariaabrahamsson.nu\/index.php\/wp-json\/wp\/v2\/comments?post=10016"}],"version-history":[{"count":0,"href":"https:\/\/www.mariaabrahamsson.nu\/index.php\/wp-json\/wp\/v2\/posts\/10016\/revisions"}],"wp:attachment":[{"href":"https:\/\/www.mariaabrahamsson.nu\/index.php\/wp-json\/wp\/v2\/media?parent=10016"}],"wp:term":[{"taxonomy":"category","embeddable":true,"href":"https:\/\/www.mariaabrahamsson.nu\/index.php\/wp-json\/wp\/v2\/categories?post=10016"},{"taxonomy":"post_tag","embeddable":true,"href":"https:\/\/www.mariaabrahamsson.nu\/index.php\/wp-json\/wp\/v2\/tags?post=10016"}],"curies":[{"name":"wp","href":"https:\/\/api.w.org\/{rel}","templated":true}]}}